{"id":67355,"date":"2025-09-17T13:30:16","date_gmt":"2025-09-17T11:30:16","guid":{"rendered":"https:\/\/www.ankarsrum.com\/se\/?p=67355"},"modified":"2025-08-21T13:56:40","modified_gmt":"2025-08-21T11:56:40","slug":"sa-lyckas-du-med-dina-kanelbullar","status":"publish","type":"post","link":"https:\/\/www.ankarsrum.com\/se\/sa-lyckas-du-med-dina-kanelbullar\/","title":{"rendered":"S\u00e5 lyckas du med dina kanelbullar"},"content":{"rendered":"\n<div class=\"wp-block-columns is-layout-flex wp-container-core-columns-is-layout-28f84493 wp-block-columns-is-layout-flex\">\n<div class=\"wp-block-column is-layout-flow wp-block-column-is-layout-flow\">\n<div class=\"wp-block-columns is-layout-flex wp-container-core-columns-is-layout-28f84493 wp-block-columns-is-layout-flex\">\n<div class=\"wp-block-column is-layout-flow wp-block-column-is-layout-flow\">\n<figure class=\"wp-block-image size-full\"><img loading=\"lazy\" decoding=\"async\" width=\"640\" height=\"640\" src=\"https:\/\/www.ankarsrum.com\/se\/wp-content\/uploads\/sites\/11\/2025\/09\/recept-kanelbullarupp-och-frys-in-din-frukt-med-ankarsrum-passertillsats-2.png\" alt=\"\" class=\"wp-image-67409\" srcset=\"https:\/\/www.ankarsrum.com\/se\/wp-content\/uploads\/sites\/11\/2025\/09\/recept-kanelbullarupp-och-frys-in-din-frukt-med-ankarsrum-passertillsats-2.png 640w, https:\/\/www.ankarsrum.com\/se\/wp-content\/uploads\/sites\/11\/2025\/09\/recept-kanelbullarupp-och-frys-in-din-frukt-med-ankarsrum-passertillsats-2-300x300.png 300w, https:\/\/www.ankarsrum.com\/se\/wp-content\/uploads\/sites\/11\/2025\/09\/recept-kanelbullarupp-och-frys-in-din-frukt-med-ankarsrum-passertillsats-2-178x178.png 178w, https:\/\/www.ankarsrum.com\/se\/wp-content\/uploads\/sites\/11\/2025\/09\/recept-kanelbullarupp-och-frys-in-din-frukt-med-ankarsrum-passertillsats-2-350x350.png 350w, https:\/\/www.ankarsrum.com\/se\/wp-content\/uploads\/sites\/11\/2025\/09\/recept-kanelbullarupp-och-frys-in-din-frukt-med-ankarsrum-passertillsats-2-600x600.png 600w, https:\/\/www.ankarsrum.com\/se\/wp-content\/uploads\/sites\/11\/2025\/09\/recept-kanelbullarupp-och-frys-in-din-frukt-med-ankarsrum-passertillsats-2-110x110.png 110w, https:\/\/www.ankarsrum.com\/se\/wp-content\/uploads\/sites\/11\/2025\/09\/recept-kanelbullarupp-och-frys-in-din-frukt-med-ankarsrum-passertillsats-2-325x325.png 325w, https:\/\/www.ankarsrum.com\/se\/wp-content\/uploads\/sites\/11\/2025\/09\/recept-kanelbullarupp-och-frys-in-din-frukt-med-ankarsrum-passertillsats-2-580x580.png 580w, https:\/\/www.ankarsrum.com\/se\/wp-content\/uploads\/sites\/11\/2025\/09\/recept-kanelbullarupp-och-frys-in-din-frukt-med-ankarsrum-passertillsats-2-577x577.png 577w, https:\/\/www.ankarsrum.com\/se\/wp-content\/uploads\/sites\/11\/2025\/09\/recept-kanelbullarupp-och-frys-in-din-frukt-med-ankarsrum-passertillsats-2-50x50.png 50w, https:\/\/www.ankarsrum.com\/se\/wp-content\/uploads\/sites\/11\/2025\/09\/recept-kanelbullarupp-och-frys-in-din-frukt-med-ankarsrum-passertillsats-2-100x100.png 100w\" sizes=\"(max-width: 640px) 100vw, 640px\" \/><\/figure>\n<\/div>\n\n\n\n<div class=\"wp-block-column is-vertically-aligned-center is-layout-flow wp-block-column-is-layout-flow\" style=\"padding-top:0;padding-right:0;padding-bottom:0;padding-left:0\">\n<h2 class=\"wp-block-heading has-step-1-font-size\" id=\"h-grunden-till-saftiga-kanelbullar\"><strong><strong><strong>Grunden till saftiga kanelbullar<\/strong><\/strong><\/strong><\/h2>\n\n\n\n<p><strong>Anv\u00e4nd rumstempererade ingredienser<\/strong><br>Ta fram allt i god tid innan du b\u00f6rjar. N\u00e4r mj\u00f6lk, sm\u00f6r och \u00e4gg h\u00e5ller samma temperatur blir degen j\u00e4mnare och j\u00e4ser b\u00e4ttre.<\/p>\n\n\n\n<p><strong>M\u00e4t noggrant<\/strong><br>Investera i en v\u00e5g! Mj\u00f6l \u00e4r l\u00e4tt att \u00f6verdosera n\u00e4r man m\u00e4ter i deciliterm\u00e5tt, och det kan g\u00f6ra bullarna torra. Genom att v\u00e4ga f\u00e5r du alltid r\u00e4tt proportioner.<\/p>\n\n\n\n<p><strong>Kn\u00e5da l\u00e4nge<\/strong><br>En ordentlig kn\u00e5dning \u00e4r nyckeln till elastiska glutentr\u00e5dar som h\u00e5ller ihop bullarna. Kn\u00e5da bullarna i din Ankarsrum Assistent Original i minst 10 minuter.<br><br><strong>Sn\u00e5la inte med fyllningen<\/strong><br>Hemligheten bakom bullar som verkligen sm\u00e4lter i munnen ligger i fyllningen. Var gener\u00f6s med sm\u00f6r, socker och kanel \u2013 men l\u00e5t allt f\u00f6rdelas j\u00e4mnt \u00e4nda ut i kanterna.<\/p>\n<\/div>\n<\/div>\n\n\n\n<div class=\"wp-block-columns has-secondary-100-background-color has-background is-layout-flex wp-container-core-columns-is-layout-28f84493 wp-block-columns-is-layout-flex\">\n<div class=\"wp-block-column is-layout-flow wp-block-column-is-layout-flow\">\n<figure class=\"wp-block-image size-full\"><img loading=\"lazy\" decoding=\"async\" width=\"640\" height=\"640\" src=\"https:\/\/www.ankarsrum.com\/se\/wp-content\/uploads\/sites\/11\/2025\/08\/recept-kanelbullar.png\" alt=\"\" class=\"wp-image-67374\" srcset=\"https:\/\/www.ankarsrum.com\/se\/wp-content\/uploads\/sites\/11\/2025\/08\/recept-kanelbullar.png 640w, https:\/\/www.ankarsrum.com\/se\/wp-content\/uploads\/sites\/11\/2025\/08\/recept-kanelbullar-300x300.png 300w, https:\/\/www.ankarsrum.com\/se\/wp-content\/uploads\/sites\/11\/2025\/08\/recept-kanelbullar-178x178.png 178w, https:\/\/www.ankarsrum.com\/se\/wp-content\/uploads\/sites\/11\/2025\/08\/recept-kanelbullar-350x350.png 350w, https:\/\/www.ankarsrum.com\/se\/wp-content\/uploads\/sites\/11\/2025\/08\/recept-kanelbullar-600x600.png 600w, https:\/\/www.ankarsrum.com\/se\/wp-content\/uploads\/sites\/11\/2025\/08\/recept-kanelbullar-110x110.png 110w, https:\/\/www.ankarsrum.com\/se\/wp-content\/uploads\/sites\/11\/2025\/08\/recept-kanelbullar-325x325.png 325w, https:\/\/www.ankarsrum.com\/se\/wp-content\/uploads\/sites\/11\/2025\/08\/recept-kanelbullar-580x580.png 580w, https:\/\/www.ankarsrum.com\/se\/wp-content\/uploads\/sites\/11\/2025\/08\/recept-kanelbullar-577x577.png 577w, https:\/\/www.ankarsrum.com\/se\/wp-content\/uploads\/sites\/11\/2025\/08\/recept-kanelbullar-50x50.png 50w, https:\/\/www.ankarsrum.com\/se\/wp-content\/uploads\/sites\/11\/2025\/08\/recept-kanelbullar-100x100.png 100w\" sizes=\"(max-width: 640px) 100vw, 640px\" \/><\/figure>\n\n\n\n<h3 class=\"wp-block-heading has-step-1-font-size\" id=\"h-klassiska-kanelbullar\">Klassiska kanelbullar<\/h3>\n\n\n\n<p>Saftiga, mjuka och fyllda med kanel. En tidl\u00f6s favorit som alltid g\u00f6r succ\u00e9.<\/p>\n\n\n\n<div class=\"wp-block-buttons is-layout-flex wp-block-buttons-is-layout-flex\">\n<div class=\"wp-block-button has-custom-width wp-block-button__width-100 wp-block-button has-custom-width wp-block-button__width-100\"><a class=\"wp-block-button__link wp-element-button\" href=\"https:\/\/www.ankarsrum.com\/se\/recept\/recept-pa-kanelbullar\/\" target=\"_blank\" rel=\"noreferrer noopener\"><strong><strong>Till receptet<\/strong><\/strong><\/a><\/div>\n<\/div>\n<\/div>\n\n\n\n<div class=\"wp-block-column is-layout-flow wp-block-column-is-layout-flow\">\n<figure class=\"wp-block-image size-full\"><img loading=\"lazy\" decoding=\"async\" width=\"640\" height=\"640\" src=\"https:\/\/www.ankarsrum.com\/se\/wp-content\/uploads\/sites\/11\/2025\/08\/recept-vaniljbullar.png\" alt=\"\" class=\"wp-image-67377\" srcset=\"https:\/\/www.ankarsrum.com\/se\/wp-content\/uploads\/sites\/11\/2025\/08\/recept-vaniljbullar.png 640w, https:\/\/www.ankarsrum.com\/se\/wp-content\/uploads\/sites\/11\/2025\/08\/recept-vaniljbullar-300x300.png 300w, https:\/\/www.ankarsrum.com\/se\/wp-content\/uploads\/sites\/11\/2025\/08\/recept-vaniljbullar-178x178.png 178w, https:\/\/www.ankarsrum.com\/se\/wp-content\/uploads\/sites\/11\/2025\/08\/recept-vaniljbullar-350x350.png 350w, https:\/\/www.ankarsrum.com\/se\/wp-content\/uploads\/sites\/11\/2025\/08\/recept-vaniljbullar-600x600.png 600w, https:\/\/www.ankarsrum.com\/se\/wp-content\/uploads\/sites\/11\/2025\/08\/recept-vaniljbullar-110x110.png 110w, https:\/\/www.ankarsrum.com\/se\/wp-content\/uploads\/sites\/11\/2025\/08\/recept-vaniljbullar-325x325.png 325w, https:\/\/www.ankarsrum.com\/se\/wp-content\/uploads\/sites\/11\/2025\/08\/recept-vaniljbullar-580x580.png 580w, https:\/\/www.ankarsrum.com\/se\/wp-content\/uploads\/sites\/11\/2025\/08\/recept-vaniljbullar-577x577.png 577w, https:\/\/www.ankarsrum.com\/se\/wp-content\/uploads\/sites\/11\/2025\/08\/recept-vaniljbullar-50x50.png 50w, https:\/\/www.ankarsrum.com\/se\/wp-content\/uploads\/sites\/11\/2025\/08\/recept-vaniljbullar-100x100.png 100w\" sizes=\"(max-width: 640px) 100vw, 640px\" \/><\/figure>\n\n\n\n<h3 class=\"wp-block-heading has-step-1-font-size\" id=\"h-vaniljbullar\"><strong>Vaniljbullar<\/strong><\/h3>\n\n\n\n<p>Klassiska bullar med len vaniljfyllning. Perfekta n\u00e4r du vill ha en mildare smak.<\/p>\n\n\n\n<div class=\"wp-block-buttons is-layout-flex wp-block-buttons-is-layout-flex\">\n<div class=\"wp-block-button has-custom-width wp-block-button__width-100 wp-block-button has-custom-width wp-block-button__width-100 btn-regular\"><a class=\"wp-block-button__link wp-element-button\" href=\"https:\/\/www.ankarsrum.com\/se\/recept\/vaniljbullar\/\" target=\"_blank\" rel=\"noreferrer noopener\"><strong><strong>Till receptet<\/strong><\/strong><\/a><\/div>\n<\/div>\n<\/div>\n\n\n\n<div class=\"wp-block-column is-vertically-aligned-top is-layout-flow wp-block-column-is-layout-flow\">\n<figure class=\"wp-block-image size-full\"><img loading=\"lazy\" decoding=\"async\" width=\"640\" height=\"640\" src=\"https:\/\/www.ankarsrum.com\/se\/wp-content\/uploads\/sites\/11\/2025\/08\/recept-saffranbulle.png\" alt=\"\" class=\"wp-image-67380\" srcset=\"https:\/\/www.ankarsrum.com\/se\/wp-content\/uploads\/sites\/11\/2025\/08\/recept-saffranbulle.png 640w, https:\/\/www.ankarsrum.com\/se\/wp-content\/uploads\/sites\/11\/2025\/08\/recept-saffranbulle-300x300.png 300w, https:\/\/www.ankarsrum.com\/se\/wp-content\/uploads\/sites\/11\/2025\/08\/recept-saffranbulle-178x178.png 178w, https:\/\/www.ankarsrum.com\/se\/wp-content\/uploads\/sites\/11\/2025\/08\/recept-saffranbulle-350x350.png 350w, https:\/\/www.ankarsrum.com\/se\/wp-content\/uploads\/sites\/11\/2025\/08\/recept-saffranbulle-600x600.png 600w, https:\/\/www.ankarsrum.com\/se\/wp-content\/uploads\/sites\/11\/2025\/08\/recept-saffranbulle-110x110.png 110w, https:\/\/www.ankarsrum.com\/se\/wp-content\/uploads\/sites\/11\/2025\/08\/recept-saffranbulle-325x325.png 325w, https:\/\/www.ankarsrum.com\/se\/wp-content\/uploads\/sites\/11\/2025\/08\/recept-saffranbulle-580x580.png 580w, https:\/\/www.ankarsrum.com\/se\/wp-content\/uploads\/sites\/11\/2025\/08\/recept-saffranbulle-577x577.png 577w, https:\/\/www.ankarsrum.com\/se\/wp-content\/uploads\/sites\/11\/2025\/08\/recept-saffranbulle-50x50.png 50w, https:\/\/www.ankarsrum.com\/se\/wp-content\/uploads\/sites\/11\/2025\/08\/recept-saffranbulle-100x100.png 100w\" sizes=\"(max-width: 640px) 100vw, 640px\" \/><\/figure>\n\n\n\n<h3 class=\"wp-block-heading has-step-1-font-size\" id=\"h-saffransbullar\"><strong>Saffransbullar <\/strong><\/h3>\n\n\n\n<p>Lyxiga bullar med smak av saffran och s\u00f6t mandelmassa. Ett givet val till h\u00f6gtider.<\/p>\n\n\n\n<div class=\"wp-block-buttons is-layout-flex wp-block-buttons-is-layout-flex\">\n<div class=\"wp-block-button has-custom-width wp-block-button__width-100 wp-block-button has-custom-width wp-block-button__width-100\"><a class=\"wp-block-button__link wp-element-button\" href=\"https:\/\/www.ankarsrum.com\/se\/recept\/lyxiga-saffransbullar-med-mandelmassa\/\" target=\"_blank\" rel=\"noreferrer noopener\"><strong><strong>Till receptet<\/strong><\/strong><\/a><\/div>\n<\/div>\n<\/div>\n<\/div>\n\n\n\n<div class=\"wp-block-columns is-layout-flex wp-container-core-columns-is-layout-28f84493 wp-block-columns-is-layout-flex\">\n<div class=\"wp-block-column is-layout-flow wp-block-column-is-layout-flow\">\n<figure class=\"wp-block-image size-full is-style-default\"><img loading=\"lazy\" decoding=\"async\" width=\"640\" height=\"640\" src=\"https:\/\/www.ankarsrum.com\/se\/wp-content\/uploads\/sites\/11\/2025\/08\/recept-kanelbullarupp-och-frys-in-din-frukt-med-ankarsrum-passertillsats-1.png\" alt=\"\" class=\"wp-image-67385\" style=\"object-fit:cover\" srcset=\"https:\/\/www.ankarsrum.com\/se\/wp-content\/uploads\/sites\/11\/2025\/08\/recept-kanelbullarupp-och-frys-in-din-frukt-med-ankarsrum-passertillsats-1.png 640w, https:\/\/www.ankarsrum.com\/se\/wp-content\/uploads\/sites\/11\/2025\/08\/recept-kanelbullarupp-och-frys-in-din-frukt-med-ankarsrum-passertillsats-1-300x300.png 300w, https:\/\/www.ankarsrum.com\/se\/wp-content\/uploads\/sites\/11\/2025\/08\/recept-kanelbullarupp-och-frys-in-din-frukt-med-ankarsrum-passertillsats-1-178x178.png 178w, https:\/\/www.ankarsrum.com\/se\/wp-content\/uploads\/sites\/11\/2025\/08\/recept-kanelbullarupp-och-frys-in-din-frukt-med-ankarsrum-passertillsats-1-350x350.png 350w, https:\/\/www.ankarsrum.com\/se\/wp-content\/uploads\/sites\/11\/2025\/08\/recept-kanelbullarupp-och-frys-in-din-frukt-med-ankarsrum-passertillsats-1-600x600.png 600w, https:\/\/www.ankarsrum.com\/se\/wp-content\/uploads\/sites\/11\/2025\/08\/recept-kanelbullarupp-och-frys-in-din-frukt-med-ankarsrum-passertillsats-1-110x110.png 110w, https:\/\/www.ankarsrum.com\/se\/wp-content\/uploads\/sites\/11\/2025\/08\/recept-kanelbullarupp-och-frys-in-din-frukt-med-ankarsrum-passertillsats-1-325x325.png 325w, https:\/\/www.ankarsrum.com\/se\/wp-content\/uploads\/sites\/11\/2025\/08\/recept-kanelbullarupp-och-frys-in-din-frukt-med-ankarsrum-passertillsats-1-580x580.png 580w, https:\/\/www.ankarsrum.com\/se\/wp-content\/uploads\/sites\/11\/2025\/08\/recept-kanelbullarupp-och-frys-in-din-frukt-med-ankarsrum-passertillsats-1-577x577.png 577w, https:\/\/www.ankarsrum.com\/se\/wp-content\/uploads\/sites\/11\/2025\/08\/recept-kanelbullarupp-och-frys-in-din-frukt-med-ankarsrum-passertillsats-1-50x50.png 50w, https:\/\/www.ankarsrum.com\/se\/wp-content\/uploads\/sites\/11\/2025\/08\/recept-kanelbullarupp-och-frys-in-din-frukt-med-ankarsrum-passertillsats-1-100x100.png 100w\" sizes=\"(max-width: 640px) 100vw, 640px\" \/><\/figure>\n<\/div>\n\n\n\n<div class=\"wp-block-column is-vertically-aligned-center is-layout-flow wp-block-column-is-layout-flow\" style=\"padding-top:0;padding-right:0;padding-bottom:0;padding-left:0\">\n<h2 class=\"wp-block-heading @media screen and (max-width: 767px) { .tagline font-size: 1.6rem !important; line-height: 1.3; } has-step-1-font-size\" id=\"h-fler-tips-for-perfekta-kanelbullar\"><strong><strong><strong><strong><strong><strong>Fler tips f\u00f6r perfekta kanelbullar<\/strong><\/strong><\/strong><\/strong><\/strong><\/strong><\/h2>\n\n\n\n<p><strong>Anv\u00e4nd farin i fyllningen<\/strong><br>Farin- eller muscovadosocker ger en djupare, lite karamellig smak j\u00e4mf\u00f6rt med vanligt str\u00f6socker. Tillsammans med kanel blir det en fyllning som verkligen smakar caf\u00e9klass.<\/p>\n\n\n\n<p><strong>Pensla med sockerlag<\/strong><br>Vill du ha bullar som gl\u00e4nser och h\u00e5ller sig saftiga l\u00e4ngre? Pensla dem direkt efter gr\u00e4ddning med en enkel sockerlag (lika delar vatten och socker, uppkokt).<\/p>\n\n\n\n<p><strong>Frys bullarna ogr\u00e4ddade<br><\/strong>Vill du alltid ha f\u00e4rska bullar hemma? Frys dem direkt efter att du format dem, men innan sista j\u00e4sningen. Sedan \u00e4r det bara att ta fram, tina och l\u00e5ta j\u00e4sa klart innan du gr\u00e4ddar.<br><strong><br>T\u00e4ck bullarna n\u00e4r de svalnar<br><\/strong>Bullarna forts\u00e4tter att utveckla smak och konsistens n\u00e4r de svalnar. L\u00e4gg en k\u00f6kshandduk \u00f6ver pl\u00e5ten s\u00e5 att fukten stannar kvar. D\u00e5 blir bullarna mjuka och h\u00e5ller sig saftiga l\u00e4ngre.<\/p>\n<\/div>\n<\/div>\n<\/div>\n<\/div>\n\n\n\n<div class=\"wp-block-columns is-layout-flex wp-container-core-columns-is-layout-28f84493 wp-block-columns-is-layout-flex\">\n<div class=\"wp-block-column is-layout-flow wp-block-column-is-layout-flow\">\n<figure class=\"wp-block-embed is-type-video is-provider-youtube wp-block-embed-youtube\"><div class=\"wp-block-embed__wrapper\">\n<div class=\"responsive-oembed embed-responsive-16by9\"><iframe title=\"Kanelbullar - Recept p\u00e5 riktigt goda kanelbullar med Ankarsrum Assistent Original\" src=\"https:\/\/www.youtube.com\/embed\/wuU62ZRKIOA?feature=oembed\" frameborder=\"0\" allow=\"accelerometer; autoplay; clipboard-write; encrypted-media; gyroscope; picture-in-picture; web-share\" referrerpolicy=\"strict-origin-when-cross-origin\" allowfullscreen><\/iframe><\/div>\n<\/div><\/figure>\n<\/div>\n\n\n\n<div class=\"wp-block-column is-vertically-aligned-center is-layout-flow wp-block-column-is-layout-flow\" style=\"padding-top:0;padding-right:0;padding-bottom:0;padding-left:0\">\n<h2 class=\"wp-block-heading @media screen and (max-width: 767px) { .tagline font-size: 1.6rem !important; line-height: 1.3; } has-medium-font-size\" id=\"h-baka-kanelbullar-med-ankarsrum\"><strong><strong><strong>Baka kanelbullar med Ankarsrum<\/strong><\/strong><\/strong><\/h2>\n\n\n\n<p>Vill du inspireras \u00e4nnu mer? Kolla d\u00e5 in v\u00e5r youtube d\u00e4r vi bakar kanelbullar med Ankarsrum Assistent Original \u2013 steg f\u00f6r steg.<\/p>\n\n\n\n<div class=\"wp-block-buttons is-layout-flex wp-block-buttons-is-layout-flex\">\n<div class=\"wp-block-button has-custom-width wp-block-button__width-100 wp-block-button has-custom-width wp-block-button__width-100\"><a class=\"wp-block-button__link wp-element-button\" href=\"https:\/\/www.youtube.com\/watch?v=wuU62ZRKIOA\" target=\"_blank\" rel=\"noreferrer noopener\"><strong>G\u00e5 till Youtube<\/strong><\/a><\/div>\n<\/div>\n<\/div>\n<\/div>\n\n\n\n<div class=\"wp-block-cover alignfull is-light\" style=\"min-height:270px;aspect-ratio:unset;\"><span aria-hidden=\"true\" class=\"wp-block-cover__background has-background-dim-0 has-background-dim\"><\/span><img loading=\"lazy\" decoding=\"async\" width=\"2500\" height=\"500\" class=\"wp-block-cover__image-background wp-image-62475\" alt=\"B\u00e4st i test k\u00f6ksmaskin\" src=\"https:\/\/www.ankarsrum.com\/se\/wp-content\/uploads\/sites\/11\/2025\/04\/namnlos-design-6.png\" data-object-fit=\"cover\" srcset=\"https:\/\/www.ankarsrum.com\/se\/wp-content\/uploads\/sites\/11\/2025\/04\/namnlos-design-6.png 2500w, https:\/\/www.ankarsrum.com\/se\/wp-content\/uploads\/sites\/11\/2025\/04\/namnlos-design-6-300x60.png 300w, https:\/\/www.ankarsrum.com\/se\/wp-content\/uploads\/sites\/11\/2025\/04\/namnlos-design-6-1024x205.png 1024w, https:\/\/www.ankarsrum.com\/se\/wp-content\/uploads\/sites\/11\/2025\/04\/namnlos-design-6-768x154.png 768w, https:\/\/www.ankarsrum.com\/se\/wp-content\/uploads\/sites\/11\/2025\/04\/namnlos-design-6-1536x307.png 1536w, https:\/\/www.ankarsrum.com\/se\/wp-content\/uploads\/sites\/11\/2025\/04\/namnlos-design-6-2048x410.png 2048w, https:\/\/www.ankarsrum.com\/se\/wp-content\/uploads\/sites\/11\/2025\/04\/namnlos-design-6-266x53.png 266w, https:\/\/www.ankarsrum.com\/se\/wp-content\/uploads\/sites\/11\/2025\/04\/namnlos-design-6-720x144.png 720w, https:\/\/www.ankarsrum.com\/se\/wp-content\/uploads\/sites\/11\/2025\/04\/namnlos-design-6-580x116.png 580w\" sizes=\"(max-width: 2500px) 100vw, 2500px\" \/><div class=\"wp-block-cover__inner-container is-layout-flow wp-block-cover-is-layout-flow\">\n<div style=\"height:53px\" aria-hidden=\"true\" class=\"wp-block-spacer\"><\/div>\n\n\n\n<p class=\"has-text-align-center has-large-font-size\"><strong>Uppt\u00e4ck Ankarsrum k\u00f6ksassistent \u2013 din b\u00e4sta v\u00e4n i k\u00f6ket<\/strong><\/p>\n\n\n\n<div class=\"wp-block-buttons is-content-justification-center is-layout-flex wp-container-core-buttons-is-layout-a89b3969 wp-block-buttons-is-layout-flex\">\n<div class=\"wp-block-button wp-block-button\"><a class=\"wp-block-button__link wp-element-button\" href=\"https:\/\/www.ankarsrum.com\/se\/recept\/?es_recipe_category=Bullar\" target=\"_blank\" rel=\"noreferrer noopener\">Uppt\u00e4ck alla v\u00e5ra bullrecept<\/a><\/div>\n<\/div>\n<\/div><\/div>\n","protected":false},"excerpt":{"rendered":"<p>F\u00e5 saker sl\u00e5r doften av nygr\u00e4ddade bullar. H\u00e4r f\u00e5r du v\u00e5ra b\u00e4sta recept, tips och genv\u00e4gar f\u00f6r att lyckas med riktigt saftiga kanelbullar \u2013 varje g\u00e5ng.<\/p>\n","protected":false},"author":404,"featured_media":31654,"comment_status":"closed","ping_status":"closed","sticky":false,"template":"","format":"standard","meta":{"_acf_changed":false,"content-type":"blog-post","editor_notices":[],"footnotes":""},"categories":[1,547],"tags":[],"knowledge_bank_type":[306,189],"class_list":["post-67355","post","type-post","status-publish","format-standard","has-post-thumbnail","hentry","category-alla-kategorier","category-bakning","knowledge_bank_type-bakning","knowledge_bank_type-lar-dig-lite-mer"],"acf":[],"_links":{"self":[{"href":"https:\/\/www.ankarsrum.com\/se\/wp-json\/wp\/v2\/posts\/67355","targetHints":{"allow":["GET"]}}],"collection":[{"href":"https:\/\/www.ankarsrum.com\/se\/wp-json\/wp\/v2\/posts"}],"about":[{"href":"https:\/\/www.ankarsrum.com\/se\/wp-json\/wp\/v2\/types\/post"}],"author":[{"embeddable":true,"href":"https:\/\/www.ankarsrum.com\/se\/wp-json\/wp\/v2\/users\/404"}],"replies":[{"embeddable":true,"href":"https:\/\/www.ankarsrum.com\/se\/wp-json\/wp\/v2\/comments?post=67355"}],"version-history":[{"count":6,"href":"https:\/\/www.ankarsrum.com\/se\/wp-json\/wp\/v2\/posts\/67355\/revisions"}],"predecessor-version":[{"id":68667,"href":"https:\/\/www.ankarsrum.com\/se\/wp-json\/wp\/v2\/posts\/67355\/revisions\/68667"}],"wp:featuredmedia":[{"embeddable":true,"href":"https:\/\/www.ankarsrum.com\/se\/wp-json\/wp\/v2\/media\/31654"}],"wp:attachment":[{"href":"https:\/\/www.ankarsrum.com\/se\/wp-json\/wp\/v2\/media?parent=67355"}],"wp:term":[{"taxonomy":"category","embeddable":true,"href":"https:\/\/www.ankarsrum.com\/se\/wp-json\/wp\/v2\/categories?post=67355"},{"taxonomy":"post_tag","embeddable":true,"href":"https:\/\/www.ankarsrum.com\/se\/wp-json\/wp\/v2\/tags?post=67355"},{"taxonomy":"knowledge_bank_type","embeddable":true,"href":"https:\/\/www.ankarsrum.com\/se\/wp-json\/wp\/v2\/knowledge_bank_type?post=67355"}],"curies":[{"name":"wp","href":"https:\/\/api.w.org\/{rel}","templated":true}]}}